{"id":1436,"__str__":"Requerimento n\u00ba 20 de 2022","link_detail_backend":"/materia/1436","metadata":{},"numero":20,"ano":2022,"numero_protocolo":292,"data_apresentacao":"2022-10-06","tipo_apresentacao":"E","data_publicacao":null,"numero_origem_externa":"","ano_origem_externa":null,"data_origem_externa":null,"apelido":"","dias_prazo":null,"data_fim_prazo":null,"em_tramitacao":false,"polemica":false,"objeto":"","complementar":false,"ementa":"Requerimento n\u00ba. 024/2022 do Ver Jairo Leal o qual requer a inclus\u00e3o ou n\u00e3o do requerimento n\u00ba. 025/2022 que solicita libera\u00e7\u00e3o de di\u00e1rias e passagens para viajar a Bras\u00edlia nos dias 17 a 20 de outubro de 2022","indexacao":"","observacao":"","resultado":"","texto_original":"http://sapl.dilermandodeaguiar.rs.leg.br/media/sapl/public/materialegislativa/2022/1436/024-22_requerimento_jairo_inclusao_na_ordem_do_dia.pdf","data_ultima_atualizacao":"2022-10-06T08:45:41.641698-03:00","ip":"187.49.159.24","ultima_edicao":"2022-10-06T08:43:55.886100-03:00","tipo":3,"regime_tramitacao":1,"tipo_origem_externa":null,"local_origem_externa":null,"user":24,"anexadas":[],"autores":[54]}