{"id":623,"__str__":"Projeto de Resolu\u00e7\u00e3o n\u00ba 2 de 2016 | Adiada discuss\u00e3o e vota\u00e7\u00e3o. | 12/05/2016","link_detail_backend":"/materia/tramitacao/623","metadata":{},"timestamp":"2018-10-15T12:43:50.296630-03:00","data_tramitacao":"2016-05-12","data_encaminhamento":null,"urgente":false,"turno":"U","texto":"Proposi\u00e7\u00e3o retirada da ordem do dia pelo pedido de vistas do Ver. Alan Kroth.","data_fim_prazo":null,"ip":"","ultima_edicao":null,"status":48,"materia":171,"unidade_tramitacao_local":9,"unidade_tramitacao_destino":8,"user":null}